{"id":330,"date":"2023-03-22T08:00:00","date_gmt":"2023-03-22T12:00:00","guid":{"rendered":"https:\/\/parcmarin.qc.ca\/emplois-jobs\/?p=330"},"modified":"2026-04-28T10:36:55","modified_gmt":"2026-04-28T14:36:55","slug":"etudiant-e-services-techniques","status":"publish","type":"post","link":"https:\/\/parcmarin.qc.ca\/emplois-jobs\/etudiant-e-services-techniques\/","title":{"rendered":"\u00c9tudiant\u2219e, services techniques"},"content":{"rendered":"<h2 class=\"wp-block-post-title\">\u00c9tudiant\u2219e, services techniques<\/h2>\n\n\n<figure class=\"wp-block-image size-large\"><img loading=\"lazy\" decoding=\"async\" width=\"1024\" height=\"332\" src=\"https:\/\/parcmarin.qc.ca\/emplois-jobs\/wp-content\/uploads\/sites\/5\/2023\/03\/AB-EI-2018-074-top-1024x332.jpg\" alt=\"\" class=\"wp-image-995\" srcset=\"https:\/\/parcmarin.qc.ca\/emplois-jobs\/wp-content\/uploads\/sites\/5\/2023\/03\/AB-EI-2018-074-top-1024x332.jpg 1024w, https:\/\/parcmarin.qc.ca\/emplois-jobs\/wp-content\/uploads\/sites\/5\/2023\/03\/AB-EI-2018-074-top-300x97.jpg 300w, https:\/\/parcmarin.qc.ca\/emplois-jobs\/wp-content\/uploads\/sites\/5\/2023\/03\/AB-EI-2018-074-top-768x249.jpg 768w, https:\/\/parcmarin.qc.ca\/emplois-jobs\/wp-content\/uploads\/sites\/5\/2023\/03\/AB-EI-2018-074-top-1536x498.jpg 1536w, https:\/\/parcmarin.qc.ca\/emplois-jobs\/wp-content\/uploads\/sites\/5\/2023\/03\/AB-EI-2018-074-top.jpg 1920w\" sizes=\"auto, (max-width: 1024px) 100vw, 1024px\" \/><\/figure>\n\n\n\n<div style=\"height:40px\" aria-hidden=\"true\" class=\"wp-block-spacer\"><\/div>\n\n\n\n<p><strong>Lieu de travail<\/strong>: Tadoussac (num\u00e9ro de processus&nbsp;2026-CAP-SAG-EA-SU-008)<\/p>\n\n\n\n<p><strong>Dur\u00e9e de l\u2019emploi&nbsp;:<\/strong> Flexible, entre le d\u00e9but juin et la mi-ao\u00fbt<\/p>\n\n\n\n<p><strong>Type d\u2019emploi&nbsp;: <\/strong>Temps plein (40 h par semaine)<\/p>\n\n\n\n<p><strong>Horaire de travail&nbsp;: <\/strong>Horaire de jour sur semaine, possibilit\u00e9 de quelques fins de semaine<\/p>\n\n\n\n<p><strong>Salaire&nbsp;:<\/strong> &nbsp;Taux horaire entre 18,69 $ et 25,17 $ selon le niveau d\u2019\u00e9tudes compl\u00e9t\u00e9<\/p>\n\n\n\n<p><strong>Date limite pour postuler<\/strong>&nbsp;: 27 avril 2026, 23 h 59<\/p>\n\n\n\n<div style=\"height:30px\" aria-hidden=\"true\" class=\"wp-block-spacer\"><\/div>\n\n\n\n<p>En appui \u00e0 l\u2019\u00e9quipe d\u2019entretien, l\u2019\u00e9tudiant(e) participera \u00e0 une vari\u00e9t\u00e9 de travaux manuels allant de la menuiserie \u00e0 l\u2019entretien des terrains. Vous cherchez un emploi concret et formateur en plus de travailler dans un d\u00e9cor spectaculaire? On vous attend\u202f!<\/p>\n\n\n\n<div style=\"height:30px\" aria-hidden=\"true\" class=\"wp-block-spacer\"><\/div>\n\n\n\n<p><strong>Description du poste<\/strong><\/p>\n\n\n\n<p>L\u2019\u00e9tudiant(e) devra assister les pr\u00e9pos\u00e9(e)s \u00e0 l&rsquo;entretien dans l&rsquo;accomplissement de leurs fonctions. Il ou elle devra \u00eatre en mesure de soutenir le personnel dans des t\u00e2ches vari\u00e9es, par exemple en menuiserie, peinture, m\u00e9canique et entretien des terrains. Vous aimez le travail manuel et les paysages \u00e0 couper le souffle ? On vous attend !<\/p>\n\n\n\n<div style=\"height:30px\" aria-hidden=\"true\" class=\"wp-block-spacer\"><\/div>\n\n\n\n<p><strong>Milieu de travail<\/strong><\/p>\n\n\n\n<p>L\u2019Agence Parcs Canada est un organisme f\u00e9d\u00e9ral charg\u00e9 de prot\u00e9ger et de mettre en valeur les ressources naturelles et culturelles exceptionnelles du Canada en administrant un r\u00e9seau de parcs nationaux, d\u2019aires marines nationales de conservation et de lieux historiques nationaux dans toutes les r\u00e9gions du pays. L\u2019Unit\u00e9 de gestion de Saguenay\u2013Saint-Laurent a la responsabilit\u00e9 de la cogestion du parc marin du Saguenay\u2013Saint-Laurent, situ\u00e9 aux abords du fjord du Saguenay.<\/p>\n\n\n\n<div style=\"height:30px\" aria-hidden=\"true\" class=\"wp-block-spacer\"><\/div>\n\n\n\n<p><strong>Conditions d\u2019admissibilit\u00e9<\/strong><\/p>\n\n\n\n<ul class=\"wp-block-list\">\n<li>\u00catre aux \u00e9tudes \u00e0 temps plein ou \u00e0 temps partiel \u00e0 l\u2019hiver 2026 dans un programme de niveau secondaire, coll\u00e9gial ou universitaire, ou retourner aux \u00e9tudes \u00e0 temps plein ou \u00e0 temps partiel \u00e0 l\u2019automne 2026.<\/li>\n\n\n\n<li>R\u00e9sider au Canada et \u00eatre autoris\u00e9\u2219e par la loi \u00e0 y travailler.<\/li>\n<\/ul>\n\n\n\n<div style=\"height:30px\" aria-hidden=\"true\" class=\"wp-block-spacer\"><\/div>\n\n\n\n<p><strong>Crit\u00e8res d\u2019\u00e9valuation<\/strong><\/p>\n\n\n\n<ul class=\"wp-block-list\">\n<li>Capacit\u00e9 \u00e0 appliquer des proc\u00e9dures<\/li>\n\n\n\n<li>Jugement<\/li>\n\n\n\n<li>Courtoisie<\/li>\n<\/ul>\n\n\n\n<div style=\"height:30px\" aria-hidden=\"true\" class=\"wp-block-spacer\"><\/div>\n\n\n\n<p><strong>Atouts<\/strong><\/p>\n\n\n\n<ul class=\"wp-block-list\">\n<li>Avoir de l\u2019exp\u00e9rience dans le travail manuel<\/li>\n<\/ul>\n\n\n\n<div style=\"height:30px\" aria-hidden=\"true\" class=\"wp-block-spacer\"><\/div>\n\n\n\n<p><strong>Conditions d\u2019emploi<\/strong><\/p>\n\n\n\n<ul class=\"wp-block-list\">\n<li>Parler fran\u00e7ais<\/li>\n\n\n\n<li>D\u00e9tenir un permis de conduire classe 5 valide<\/li>\n\n\n\n<li>Obtenir une cote de fiabilit\u00e9 du gouvernement du Canada<\/li>\n<\/ul>\n\n\n\n<div style=\"height:30px\" aria-hidden=\"true\" class=\"wp-block-spacer\"><\/div>\n\n\n\n<p><strong>Exigences op\u00e9rationnelles<\/strong><\/p>\n\n\n\n<ul class=\"wp-block-list\">\n<li>Porter l\u2019uniforme de Parcs Canada selon la politique sur la tenue vestimentaire.<\/li>\n\n\n\n<li>Travailler sur des terrains vari\u00e9s et dans des conditions m\u00e9t\u00e9orologiques variables.<\/li>\n\n\n\n<li>Poss\u00e9der une bonne condition physique pour les travaux de terrain.<\/li>\n<\/ul>\n\n\n\n<div style=\"height:30px\" aria-hidden=\"true\" class=\"wp-block-spacer\"><\/div>\n\n\n\n<p>Pour postuler&nbsp;:<\/p>\n\n\n\n<p>Envoyez votre CV au <a href=\"mailto:cv-ssl@pc.gc.ca\">cv-ssl@pc.gc.ca<\/a>.<\/p>\n\n\n\n<div style=\"height:100px\" aria-hidden=\"true\" class=\"wp-block-spacer\"><\/div>\n\n\n\n<p>Nous encourageons les personnes qui postulent pour un emploi \u00e0 Parcs Canada \u00e0 d\u00e9clarer leur appartenance, le cas \u00e9ch\u00e9ant, \u00e0 ces groupes&nbsp;: &nbsp;les Autochtones, les personnes en situation de handicap ou d\u2019obstacles \u00e0 l\u2019emploi, les personnes qui font partie des minorit\u00e9s visibles, de la communaut\u00e9 LGBTQ2+ et les femmes. Ces candidatures pourraient \u00eatre favoris\u00e9es. Veuillez consulter la rubrique <em>Diversit\u00e9, \u00e9quit\u00e9 et inclusion&nbsp;en emploi<\/em>.<\/p>\n\n\n\n<p>Personne-ressource pour toute question sur le poste&nbsp;: \u00c9ric Gagnon, gestionnaire des biens, <a href=\"mailto:eric.gagnon@pc.gc.ca\">eric.gagnon@pc.gc.ca<\/a><\/p>\n\n\n\n<hr class=\"wp-block-separator has-alpha-channel-opacity\" style=\"margin-top:var(--wp--preset--spacing--30);margin-bottom:var(--wp--preset--spacing--30)\"\/>\n\n\n\n<div class=\"wp-block-esab-accordion accordion-c07f1c6b\" data-mode=\"global\"><div class=\"esab__container\">\n<div class=\"wp-block-esab-accordion-child\"><div class=\"esab__head\" role=\"button\" aria-expanded=\"false\"><div class=\"esab__heading_txt\"><p class=\"esab__heading_tag\">DIVERSIT\u00c9, \u00c9QUIT\u00c9 ET INCLUSION EN EMPLOI<\/p><\/div><div class=\"esab__icon\"><div class=\"esab__collapse\"> <svg version=\"1.2\" viewBox=\"0 0 24 24\" width=\"24\" height=\"24\"><path fill-rule=\"evenodd\" d=\"m3.5 20.5c-4.7-4.7-4.7-12.3 0-17 4.7-4.7 12.3-4.7 17 0 4.6 4.7 4.6 12.3 0 17-4.7 4.6-12.3 4.6-17 0zm0.9-0.9c4.2 4.2 11 4.2 15.2 0 4.2-4.2 4.2-11 0-15.2-4.2-4.3-11-4.3-15.2 0-4.3 4.2-4.3 11 0 15.2z\"><\/path><path d=\"m11.4 15.9v-3.3h-3.3c-0.3 0-0.6-0.3-0.6-0.6 0-0.4 0.3-0.6 0.6-0.6h3.3v-3.3c0-0.3 0.3-0.6 0.6-0.6 0.3 0 0.6 0.3 0.6 0.6v3.3h3.3c0.3 0 0.6 0.2 0.6 0.6q0 0.2-0.2 0.4-0.2 0.2-0.4 0.2h-3.3v3.3q0 0.2-0.2 0.4-0.2 0.2-0.4 0.2c-0.4 0-0.6-0.3-0.6-0.6z\"><\/path><\/svg> <\/div><div class=\"esab__expand\"> <svg version=\"1.2\" viewBox=\"0 0 24 24\" width=\"24\" height=\"24\"><path fill-rule=\"evenodd\" d=\"m12 24c-6.6 0-12-5.4-12-12 0-6.6 5.4-12 12-12 6.6 0 12 5.4 12 12 0 6.6-5.4 12-12 12zm10.6-12c0-5.9-4.7-10.6-10.6-10.6-5.9 0-10.6 4.7-10.6 10.6 0 5.9 4.7 10.6 10.6 10.6 5.9 0 10.6-4.7 10.6-10.6z\"><\/path><path d=\"m5.6 11.3h12.8v1.4h-12.8z\"><\/path><\/svg> <\/div><\/div><\/div><div class=\"esab__body\">\n<p>L&rsquo;Agence Parcs Canada souscrit aux principes de diversit\u00e9 et d\u2019\u00e9quit\u00e9 en mati\u00e8re d\u2019emploi en vertu de la Loi sur l\u2019\u00e9quit\u00e9 en mati\u00e8re d\u2019emploi et s\u2019efforce de s\u2019assurer que son effectif est repr\u00e9sentatif de la soci\u00e9t\u00e9 canadienne. Nous encourageons les femmes, les Autochtones, les personnes en situation d\u2019handicap et les membres d\u2019une minorit\u00e9 visible ou de la communaut\u00e9 LGBTQ2+ \u00e0 s\u2019auto-identifier dans le cadre de leur demande.<\/p>\n\n\n\n<p>De plus, Parcs Canada participe \u00e0 la Strat\u00e9gie d&#8217;emploi jeunesse et comp\u00e9tences du Canada (SEJC) qui vise \u00e0 faire en sorte que les jeunes entre 15 et 30 ans, y compris ceux qui sont confront\u00e9s \u00e0 des obstacles \u00e0 l&#8217;emploi, puissent b\u00e9n\u00e9ficier de possibilit\u00e9s d&#8217;emploi \u00e9tudiants de qualit\u00e9.<\/p>\n\n\n\n<p>Par obstacles \u00e0 l&#8217;emploi, nous entendons, sans s&rsquo;y limiter, les personnes :<\/p>\n\n\n\n<ul class=\"wp-block-list\">\n<li>Vivant avec des responsabilit\u00e9s familiales<\/li>\n\n\n\n<li>Impliqu\u00e9es dans le syst\u00e8me judiciaire<\/li>\n\n\n\n<li>R\u00e9sidant dans un endroit rural ou \u00e9loign\u00e9<\/li>\n\n\n\n<li>Vivant dans un m\u00e9nage \u00e0 faible revenu<\/li>\n<\/ul>\n<\/div><\/div>\n\n\n\n<div class=\"wp-block-esab-accordion-child\"><div class=\"esab__head\" role=\"button\" aria-expanded=\"false\"><div class=\"esab__heading_txt\"><p class=\"esab__heading_tag\">MESURES D\u2019ADAPTATION<\/p><\/div><div class=\"esab__icon\"><div class=\"esab__collapse\"> <svg version=\"1.2\" viewBox=\"0 0 24 24\" width=\"24\" height=\"24\"><path fill-rule=\"evenodd\" d=\"m3.5 20.5c-4.7-4.7-4.7-12.3 0-17 4.7-4.7 12.3-4.7 17 0 4.6 4.7 4.6 12.3 0 17-4.7 4.6-12.3 4.6-17 0zm0.9-0.9c4.2 4.2 11 4.2 15.2 0 4.2-4.2 4.2-11 0-15.2-4.2-4.3-11-4.3-15.2 0-4.3 4.2-4.3 11 0 15.2z\"><\/path><path d=\"m11.4 15.9v-3.3h-3.3c-0.3 0-0.6-0.3-0.6-0.6 0-0.4 0.3-0.6 0.6-0.6h3.3v-3.3c0-0.3 0.3-0.6 0.6-0.6 0.3 0 0.6 0.3 0.6 0.6v3.3h3.3c0.3 0 0.6 0.2 0.6 0.6q0 0.2-0.2 0.4-0.2 0.2-0.4 0.2h-3.3v3.3q0 0.2-0.2 0.4-0.2 0.2-0.4 0.2c-0.4 0-0.6-0.3-0.6-0.6z\"><\/path><\/svg> <\/div><div class=\"esab__expand\"> <svg version=\"1.2\" viewBox=\"0 0 24 24\" width=\"24\" height=\"24\"><path fill-rule=\"evenodd\" d=\"m12 24c-6.6 0-12-5.4-12-12 0-6.6 5.4-12 12-12 6.6 0 12 5.4 12 12 0 6.6-5.4 12-12 12zm10.6-12c0-5.9-4.7-10.6-10.6-10.6-5.9 0-10.6 4.7-10.6 10.6 0 5.9 4.7 10.6 10.6 10.6 5.9 0 10.6-4.7 10.6-10.6z\"><\/path><path d=\"m5.6 11.3h12.8v1.4h-12.8z\"><\/path><\/svg> <\/div><\/div><\/div><div class=\"esab__body\">\n<p>Parcs Canada s&rsquo;engage \u00e0 offrir un milieu de travail inclusif et sans obstacles. Si vous avez besoin de mesures d&rsquo;adaptation \u00e0 une \u00e9tape ou une autre du processus de s\u00e9lection, veuillez communiquer avec : Denise Plamondon, conseill\u00e8re des ressources humaines, <a href=\"mailto:denise.plamondon@pc.gc.ca\"><\/a><a href=\"mailto:maude.jacques-beaudoin@pc.gc.ca\" target=\"_blank\" rel=\"noreferrer noopener\">maude.jacques-beaudoin@pc.gc.ca<\/a>.<\/p>\n\n\n\n<p>Tous les renseignements re\u00e7us concernant les mesures d&rsquo;adaptation seront gard\u00e9s confidentiels.<\/p>\n<\/div><\/div>\n\n\n\n<div class=\"wp-block-esab-accordion-child\"><div class=\"esab__head\" role=\"button\" aria-expanded=\"false\"><div class=\"esab__heading_txt\"><p class=\"esab__heading_tag\">STATUT D\u2019EMPLOYEUR<\/p><\/div><div class=\"esab__icon\"><div class=\"esab__collapse\"> <svg version=\"1.2\" viewBox=\"0 0 24 24\" width=\"24\" height=\"24\"><path fill-rule=\"evenodd\" d=\"m3.5 20.5c-4.7-4.7-4.7-12.3 0-17 4.7-4.7 12.3-4.7 17 0 4.6 4.7 4.6 12.3 0 17-4.7 4.6-12.3 4.6-17 0zm0.9-0.9c4.2 4.2 11 4.2 15.2 0 4.2-4.2 4.2-11 0-15.2-4.2-4.3-11-4.3-15.2 0-4.3 4.2-4.3 11 0 15.2z\"><\/path><path d=\"m11.4 15.9v-3.3h-3.3c-0.3 0-0.6-0.3-0.6-0.6 0-0.4 0.3-0.6 0.6-0.6h3.3v-3.3c0-0.3 0.3-0.6 0.6-0.6 0.3 0 0.6 0.3 0.6 0.6v3.3h3.3c0.3 0 0.6 0.2 0.6 0.6q0 0.2-0.2 0.4-0.2 0.2-0.4 0.2h-3.3v3.3q0 0.2-0.2 0.4-0.2 0.2-0.4 0.2c-0.4 0-0.6-0.3-0.6-0.6z\"><\/path><\/svg> <\/div><div class=\"esab__expand\"> <svg version=\"1.2\" viewBox=\"0 0 24 24\" width=\"24\" height=\"24\"><path fill-rule=\"evenodd\" d=\"m12 24c-6.6 0-12-5.4-12-12 0-6.6 5.4-12 12-12 6.6 0 12 5.4 12 12 0 6.6-5.4 12-12 12zm10.6-12c0-5.9-4.7-10.6-10.6-10.6-5.9 0-10.6 4.7-10.6 10.6 0 5.9 4.7 10.6 10.6 10.6 5.9 0 10.6-4.7 10.6-10.6z\"><\/path><path d=\"m5.6 11.3h12.8v1.4h-12.8z\"><\/path><\/svg> <\/div><\/div><\/div><div class=\"esab__body\">\n<p>Le statut de l&rsquo;Agence Parcs Canada est \u00e9tabli en tant qu&#8217;employeur distinct au sein de la fonction publique, tel que d\u00e9fini par la Loi sur la gestion des finances publiques. Bien que les personnes nomm\u00e9es \u00e0 l\u2019Agence font partie de la fonction publique, l\u2019Agence Parcs Canada dispose de son propre cadre de gestion des ressources humaines, distinct de celui de la Loi sur l\u2019emploi dans la fonction publique, mais conforme aux valeurs d\u2019\u00e9quit\u00e9, de comp\u00e9tence et de respect ainsi qu\u2019\u00e0 ses principes de gestion.<\/p>\n<\/div><\/div>\n\n\n\n<div class=\"wp-block-esab-accordion-child\"><div class=\"esab__head\" role=\"button\" aria-expanded=\"false\"><div class=\"esab__heading_txt\"><p class=\"esab__heading_tag\">RENSEIGNEMENTS PERSONNELS<\/p><\/div><div class=\"esab__icon\"><div class=\"esab__collapse\"> <svg version=\"1.2\" viewBox=\"0 0 24 24\" width=\"24\" height=\"24\"><path fill-rule=\"evenodd\" d=\"m3.5 20.5c-4.7-4.7-4.7-12.3 0-17 4.7-4.7 12.3-4.7 17 0 4.6 4.7 4.6 12.3 0 17-4.7 4.6-12.3 4.6-17 0zm0.9-0.9c4.2 4.2 11 4.2 15.2 0 4.2-4.2 4.2-11 0-15.2-4.2-4.3-11-4.3-15.2 0-4.3 4.2-4.3 11 0 15.2z\"><\/path><path d=\"m11.4 15.9v-3.3h-3.3c-0.3 0-0.6-0.3-0.6-0.6 0-0.4 0.3-0.6 0.6-0.6h3.3v-3.3c0-0.3 0.3-0.6 0.6-0.6 0.3 0 0.6 0.3 0.6 0.6v3.3h3.3c0.3 0 0.6 0.2 0.6 0.6q0 0.2-0.2 0.4-0.2 0.2-0.4 0.2h-3.3v3.3q0 0.2-0.2 0.4-0.2 0.2-0.4 0.2c-0.4 0-0.6-0.3-0.6-0.6z\"><\/path><\/svg> <\/div><div class=\"esab__expand\"> <svg version=\"1.2\" viewBox=\"0 0 24 24\" width=\"24\" height=\"24\"><path fill-rule=\"evenodd\" d=\"m12 24c-6.6 0-12-5.4-12-12 0-6.6 5.4-12 12-12 6.6 0 12 5.4 12 12 0 6.6-5.4 12-12 12zm10.6-12c0-5.9-4.7-10.6-10.6-10.6-5.9 0-10.6 4.7-10.6 10.6 0 5.9 4.7 10.6 10.6 10.6 5.9 0 10.6-4.7 10.6-10.6z\"><\/path><path d=\"m5.6 11.3h12.8v1.4h-12.8z\"><\/path><\/svg> <\/div><\/div><\/div><div class=\"esab__body\">\n<p>Conform\u00e9ment \u00e0 l\u2019alin\u00e9a 8.2(a) de la Loi sur la protection des renseignements personnels, l\u2019information ou le mat\u00e9riel, obtenu directement du candidat ou autrement par un comit\u00e9 de s\u00e9lection, utilis\u00e9 pendant un processus de s\u00e9lection en vue d\u2019\u00e9valuer un candidat peut servir dans le cadre des processus d\u2019examen de la s\u00e9lection et de recours. Tous les renseignements pertinents peuvent \u00eatre fournis \u00e0 des tiers, comme d\u2019autres candidats ou leurs repr\u00e9sentants, qui ont une raison l\u00e9gitime de consulter ces renseignements.<\/p>\n<\/div><\/div>\n<\/div><\/div>\n\n\n\n<div style=\"height:100px\" aria-hidden=\"true\" class=\"wp-block-spacer\"><\/div>\n","protected":false},"excerpt":{"rendered":"<p>Si tu aimes toucher \u00e0 tout, d\u00e9velopper tes habilet\u00e9s manuelles et travailler \u00e0 l\u2019ext\u00e9rieur, ce poste est pour toi! P\u00e9riode d\u2019emploi: d\u00e9but juin \u00e0 fin ao\u00fbt. <\/p>\n","protected":false},"author":1,"featured_media":1013,"comment_status":"closed","ping_status":"closed","sticky":false,"template":"wp-custom-template-offre","format":"standard","meta":{"footnotes":""},"categories":[1],"tags":[],"class_list":["post-330","post","type-post","status-publish","format-standard","has-post-thumbnail","hentry","category-non-classe"],"yoast_head":"<!-- This site is optimized with the Yoast SEO plugin v27.4 - https:\/\/yoast.com\/product\/yoast-seo-wordpress\/ -->\n<title>\u00c9tudiant\u2219e, services techniques - Emplois au Parc marin \/ Marine Park Jobs<\/title>\n<meta name=\"robots\" content=\"index, follow, max-snippet:-1, max-image-preview:large, max-video-preview:-1\" \/>\n<link rel=\"canonical\" href=\"https:\/\/parcmarin.qc.ca\/emplois-jobs\/etudiant-e-services-techniques\/\" \/>\n<meta property=\"og:locale\" content=\"fr_CA\" \/>\n<meta property=\"og:type\" content=\"article\" \/>\n<meta property=\"og:title\" content=\"\u00c9tudiant\u2219e, services techniques - Emplois au Parc marin \/ Marine Park Jobs\" \/>\n<meta property=\"og:description\" content=\"Si tu aimes toucher \u00e0 tout, d\u00e9velopper tes habilet\u00e9s manuelles et travailler \u00e0 l\u2019ext\u00e9rieur, ce poste est pour toi! P\u00e9riode d\u2019emploi: d\u00e9but juin \u00e0 fin ao\u00fbt.\" \/>\n<meta property=\"og:url\" content=\"https:\/\/parcmarin.qc.ca\/emplois-jobs\/etudiant-e-services-techniques\/\" \/>\n<meta property=\"og:site_name\" content=\"Emplois au Parc marin \/ Marine Park Jobs\" \/>\n<meta property=\"article:published_time\" content=\"2023-03-22T12:00:00+00:00\" \/>\n<meta property=\"article:modified_time\" content=\"2026-04-28T14:36:55+00:00\" \/>\n<meta property=\"og:image\" content=\"https:\/\/parcmarin.qc.ca\/emplois-jobs\/wp-content\/uploads\/sites\/5\/2023\/03\/AB-EI-2018-074.jpg\" \/>\n\t<meta property=\"og:image:width\" content=\"1920\" \/>\n\t<meta property=\"og:image:height\" content=\"1280\" \/>\n\t<meta property=\"og:image:type\" content=\"image\/jpeg\" \/>\n<meta name=\"author\" content=\"admin\" \/>\n<meta name=\"twitter:card\" content=\"summary_large_image\" \/>\n<meta name=\"twitter:label1\" content=\"\u00c9crit par\" \/>\n\t<meta name=\"twitter:data1\" content=\"admin\" \/>\n\t<meta name=\"twitter:label2\" content=\"Estimation du temps de lecture\" \/>\n\t<meta name=\"twitter:data2\" content=\"5 minutes\" \/>\n<script type=\"application\/ld+json\" class=\"yoast-schema-graph\">{\"@context\":\"https:\\\/\\\/schema.org\",\"@graph\":[{\"@type\":\"Article\",\"@id\":\"https:\\\/\\\/parcmarin.qc.ca\\\/emplois-jobs\\\/etudiant-e-services-techniques\\\/#article\",\"isPartOf\":{\"@id\":\"https:\\\/\\\/parcmarin.qc.ca\\\/emplois-jobs\\\/etudiant-e-services-techniques\\\/\"},\"author\":{\"name\":\"admin\",\"@id\":\"https:\\\/\\\/parcmarin.qc.ca\\\/emplois-jobs\\\/#\\\/schema\\\/person\\\/8e4e489bde4581fda1f8e1cc956e26d0\"},\"headline\":\"\u00c9tudiant\u2219e, services techniques\",\"datePublished\":\"2023-03-22T12:00:00+00:00\",\"dateModified\":\"2026-04-28T14:36:55+00:00\",\"mainEntityOfPage\":{\"@id\":\"https:\\\/\\\/parcmarin.qc.ca\\\/emplois-jobs\\\/etudiant-e-services-techniques\\\/\"},\"wordCount\":918,\"image\":{\"@id\":\"https:\\\/\\\/parcmarin.qc.ca\\\/emplois-jobs\\\/etudiant-e-services-techniques\\\/#primaryimage\"},\"thumbnailUrl\":\"https:\\\/\\\/parcmarin.qc.ca\\\/emplois-jobs\\\/wp-content\\\/uploads\\\/sites\\\/5\\\/2023\\\/03\\\/AB-EI-2018-074.jpg\",\"inLanguage\":\"fr-CA\"},{\"@type\":\"WebPage\",\"@id\":\"https:\\\/\\\/parcmarin.qc.ca\\\/emplois-jobs\\\/etudiant-e-services-techniques\\\/\",\"url\":\"https:\\\/\\\/parcmarin.qc.ca\\\/emplois-jobs\\\/etudiant-e-services-techniques\\\/\",\"name\":\"\u00c9tudiant\u2219e, services techniques - Emplois au Parc marin \\\/ Marine Park Jobs\",\"isPartOf\":{\"@id\":\"https:\\\/\\\/parcmarin.qc.ca\\\/emplois-jobs\\\/#website\"},\"primaryImageOfPage\":{\"@id\":\"https:\\\/\\\/parcmarin.qc.ca\\\/emplois-jobs\\\/etudiant-e-services-techniques\\\/#primaryimage\"},\"image\":{\"@id\":\"https:\\\/\\\/parcmarin.qc.ca\\\/emplois-jobs\\\/etudiant-e-services-techniques\\\/#primaryimage\"},\"thumbnailUrl\":\"https:\\\/\\\/parcmarin.qc.ca\\\/emplois-jobs\\\/wp-content\\\/uploads\\\/sites\\\/5\\\/2023\\\/03\\\/AB-EI-2018-074.jpg\",\"datePublished\":\"2023-03-22T12:00:00+00:00\",\"dateModified\":\"2026-04-28T14:36:55+00:00\",\"author\":{\"@id\":\"https:\\\/\\\/parcmarin.qc.ca\\\/emplois-jobs\\\/#\\\/schema\\\/person\\\/8e4e489bde4581fda1f8e1cc956e26d0\"},\"breadcrumb\":{\"@id\":\"https:\\\/\\\/parcmarin.qc.ca\\\/emplois-jobs\\\/etudiant-e-services-techniques\\\/#breadcrumb\"},\"inLanguage\":\"fr-CA\",\"potentialAction\":[{\"@type\":\"ReadAction\",\"target\":[\"https:\\\/\\\/parcmarin.qc.ca\\\/emplois-jobs\\\/etudiant-e-services-techniques\\\/\"]}]},{\"@type\":\"ImageObject\",\"inLanguage\":\"fr-CA\",\"@id\":\"https:\\\/\\\/parcmarin.qc.ca\\\/emplois-jobs\\\/etudiant-e-services-techniques\\\/#primaryimage\",\"url\":\"https:\\\/\\\/parcmarin.qc.ca\\\/emplois-jobs\\\/wp-content\\\/uploads\\\/sites\\\/5\\\/2023\\\/03\\\/AB-EI-2018-074.jpg\",\"contentUrl\":\"https:\\\/\\\/parcmarin.qc.ca\\\/emplois-jobs\\\/wp-content\\\/uploads\\\/sites\\\/5\\\/2023\\\/03\\\/AB-EI-2018-074.jpg\",\"width\":1920,\"height\":1280,\"caption\":\"Des employ\u00e9s de Parcs Canada \u00e9laguent des arbres dangereux dans l\u2019aire des activit\u00e9s r\u00e9cr\u00e9atives du lac Astotin... Parc national Elk Island \\\/ Parks Canada staff remove hazzardous trees in the Astotin Lake Recreation area... Elk Island National Park\"},{\"@type\":\"BreadcrumbList\",\"@id\":\"https:\\\/\\\/parcmarin.qc.ca\\\/emplois-jobs\\\/etudiant-e-services-techniques\\\/#breadcrumb\",\"itemListElement\":[{\"@type\":\"ListItem\",\"position\":1,\"name\":\"Accueil\",\"item\":\"https:\\\/\\\/parcmarin.qc.ca\\\/emplois-jobs\\\/\"},{\"@type\":\"ListItem\",\"position\":2,\"name\":\"\u00c9tudiant\u2219e, services techniques\"}]},{\"@type\":\"WebSite\",\"@id\":\"https:\\\/\\\/parcmarin.qc.ca\\\/emplois-jobs\\\/#website\",\"url\":\"https:\\\/\\\/parcmarin.qc.ca\\\/emplois-jobs\\\/\",\"name\":\"Emplois au Parc marin \\\/ Marine Park Jobs\",\"description\":\"Emplois au Parc marin \\\/ Marine Park Jobs\",\"potentialAction\":[{\"@type\":\"SearchAction\",\"target\":{\"@type\":\"EntryPoint\",\"urlTemplate\":\"https:\\\/\\\/parcmarin.qc.ca\\\/emplois-jobs\\\/?s={search_term_string}\"},\"query-input\":{\"@type\":\"PropertyValueSpecification\",\"valueRequired\":true,\"valueName\":\"search_term_string\"}}],\"inLanguage\":\"fr-CA\"},{\"@type\":\"Person\",\"@id\":\"https:\\\/\\\/parcmarin.qc.ca\\\/emplois-jobs\\\/#\\\/schema\\\/person\\\/8e4e489bde4581fda1f8e1cc956e26d0\",\"name\":\"admin\",\"image\":{\"@type\":\"ImageObject\",\"inLanguage\":\"fr-CA\",\"@id\":\"https:\\\/\\\/secure.gravatar.com\\\/avatar\\\/6de76f50d2730a6c2c34595cb837cda068b6f1f432fb9d77b1f53130fdc7a47c?s=96&d=mm&r=g\",\"url\":\"https:\\\/\\\/secure.gravatar.com\\\/avatar\\\/6de76f50d2730a6c2c34595cb837cda068b6f1f432fb9d77b1f53130fdc7a47c?s=96&d=mm&r=g\",\"contentUrl\":\"https:\\\/\\\/secure.gravatar.com\\\/avatar\\\/6de76f50d2730a6c2c34595cb837cda068b6f1f432fb9d77b1f53130fdc7a47c?s=96&d=mm&r=g\",\"caption\":\"admin\"},\"sameAs\":[\"https:\\\/\\\/parcmarin.qc.ca\"],\"url\":\"https:\\\/\\\/parcmarin.qc.ca\\\/emplois-jobs\\\/author\\\/admin\\\/\"}]}<\/script>\n<!-- \/ Yoast SEO plugin. -->","yoast_head_json":{"title":"\u00c9tudiant\u2219e, services techniques - Emplois au Parc marin \/ Marine Park Jobs","robots":{"index":"index","follow":"follow","max-snippet":"max-snippet:-1","max-image-preview":"max-image-preview:large","max-video-preview":"max-video-preview:-1"},"canonical":"https:\/\/parcmarin.qc.ca\/emplois-jobs\/etudiant-e-services-techniques\/","og_locale":"fr_CA","og_type":"article","og_title":"\u00c9tudiant\u2219e, services techniques - Emplois au Parc marin \/ Marine Park Jobs","og_description":"Si tu aimes toucher \u00e0 tout, d\u00e9velopper tes habilet\u00e9s manuelles et travailler \u00e0 l\u2019ext\u00e9rieur, ce poste est pour toi! P\u00e9riode d\u2019emploi: d\u00e9but juin \u00e0 fin ao\u00fbt.","og_url":"https:\/\/parcmarin.qc.ca\/emplois-jobs\/etudiant-e-services-techniques\/","og_site_name":"Emplois au Parc marin \/ Marine Park Jobs","article_published_time":"2023-03-22T12:00:00+00:00","article_modified_time":"2026-04-28T14:36:55+00:00","og_image":[{"width":1920,"height":1280,"url":"https:\/\/parcmarin.qc.ca\/emplois-jobs\/wp-content\/uploads\/sites\/5\/2023\/03\/AB-EI-2018-074.jpg","type":"image\/jpeg"}],"author":"admin","twitter_card":"summary_large_image","twitter_misc":{"\u00c9crit par":"admin","Estimation du temps de lecture":"5 minutes"},"schema":{"@context":"https:\/\/schema.org","@graph":[{"@type":"Article","@id":"https:\/\/parcmarin.qc.ca\/emplois-jobs\/etudiant-e-services-techniques\/#article","isPartOf":{"@id":"https:\/\/parcmarin.qc.ca\/emplois-jobs\/etudiant-e-services-techniques\/"},"author":{"name":"admin","@id":"https:\/\/parcmarin.qc.ca\/emplois-jobs\/#\/schema\/person\/8e4e489bde4581fda1f8e1cc956e26d0"},"headline":"\u00c9tudiant\u2219e, services techniques","datePublished":"2023-03-22T12:00:00+00:00","dateModified":"2026-04-28T14:36:55+00:00","mainEntityOfPage":{"@id":"https:\/\/parcmarin.qc.ca\/emplois-jobs\/etudiant-e-services-techniques\/"},"wordCount":918,"image":{"@id":"https:\/\/parcmarin.qc.ca\/emplois-jobs\/etudiant-e-services-techniques\/#primaryimage"},"thumbnailUrl":"https:\/\/parcmarin.qc.ca\/emplois-jobs\/wp-content\/uploads\/sites\/5\/2023\/03\/AB-EI-2018-074.jpg","inLanguage":"fr-CA"},{"@type":"WebPage","@id":"https:\/\/parcmarin.qc.ca\/emplois-jobs\/etudiant-e-services-techniques\/","url":"https:\/\/parcmarin.qc.ca\/emplois-jobs\/etudiant-e-services-techniques\/","name":"\u00c9tudiant\u2219e, services techniques - Emplois au Parc marin \/ Marine Park Jobs","isPartOf":{"@id":"https:\/\/parcmarin.qc.ca\/emplois-jobs\/#website"},"primaryImageOfPage":{"@id":"https:\/\/parcmarin.qc.ca\/emplois-jobs\/etudiant-e-services-techniques\/#primaryimage"},"image":{"@id":"https:\/\/parcmarin.qc.ca\/emplois-jobs\/etudiant-e-services-techniques\/#primaryimage"},"thumbnailUrl":"https:\/\/parcmarin.qc.ca\/emplois-jobs\/wp-content\/uploads\/sites\/5\/2023\/03\/AB-EI-2018-074.jpg","datePublished":"2023-03-22T12:00:00+00:00","dateModified":"2026-04-28T14:36:55+00:00","author":{"@id":"https:\/\/parcmarin.qc.ca\/emplois-jobs\/#\/schema\/person\/8e4e489bde4581fda1f8e1cc956e26d0"},"breadcrumb":{"@id":"https:\/\/parcmarin.qc.ca\/emplois-jobs\/etudiant-e-services-techniques\/#breadcrumb"},"inLanguage":"fr-CA","potentialAction":[{"@type":"ReadAction","target":["https:\/\/parcmarin.qc.ca\/emplois-jobs\/etudiant-e-services-techniques\/"]}]},{"@type":"ImageObject","inLanguage":"fr-CA","@id":"https:\/\/parcmarin.qc.ca\/emplois-jobs\/etudiant-e-services-techniques\/#primaryimage","url":"https:\/\/parcmarin.qc.ca\/emplois-jobs\/wp-content\/uploads\/sites\/5\/2023\/03\/AB-EI-2018-074.jpg","contentUrl":"https:\/\/parcmarin.qc.ca\/emplois-jobs\/wp-content\/uploads\/sites\/5\/2023\/03\/AB-EI-2018-074.jpg","width":1920,"height":1280,"caption":"Des employ\u00e9s de Parcs Canada \u00e9laguent des arbres dangereux dans l\u2019aire des activit\u00e9s r\u00e9cr\u00e9atives du lac Astotin... Parc national Elk Island \/ Parks Canada staff remove hazzardous trees in the Astotin Lake Recreation area... Elk Island National Park"},{"@type":"BreadcrumbList","@id":"https:\/\/parcmarin.qc.ca\/emplois-jobs\/etudiant-e-services-techniques\/#breadcrumb","itemListElement":[{"@type":"ListItem","position":1,"name":"Accueil","item":"https:\/\/parcmarin.qc.ca\/emplois-jobs\/"},{"@type":"ListItem","position":2,"name":"\u00c9tudiant\u2219e, services techniques"}]},{"@type":"WebSite","@id":"https:\/\/parcmarin.qc.ca\/emplois-jobs\/#website","url":"https:\/\/parcmarin.qc.ca\/emplois-jobs\/","name":"Emplois au Parc marin \/ Marine Park Jobs","description":"Emplois au Parc marin \/ Marine Park Jobs","potentialAction":[{"@type":"SearchAction","target":{"@type":"EntryPoint","urlTemplate":"https:\/\/parcmarin.qc.ca\/emplois-jobs\/?s={search_term_string}"},"query-input":{"@type":"PropertyValueSpecification","valueRequired":true,"valueName":"search_term_string"}}],"inLanguage":"fr-CA"},{"@type":"Person","@id":"https:\/\/parcmarin.qc.ca\/emplois-jobs\/#\/schema\/person\/8e4e489bde4581fda1f8e1cc956e26d0","name":"admin","image":{"@type":"ImageObject","inLanguage":"fr-CA","@id":"https:\/\/secure.gravatar.com\/avatar\/6de76f50d2730a6c2c34595cb837cda068b6f1f432fb9d77b1f53130fdc7a47c?s=96&d=mm&r=g","url":"https:\/\/secure.gravatar.com\/avatar\/6de76f50d2730a6c2c34595cb837cda068b6f1f432fb9d77b1f53130fdc7a47c?s=96&d=mm&r=g","contentUrl":"https:\/\/secure.gravatar.com\/avatar\/6de76f50d2730a6c2c34595cb837cda068b6f1f432fb9d77b1f53130fdc7a47c?s=96&d=mm&r=g","caption":"admin"},"sameAs":["https:\/\/parcmarin.qc.ca"],"url":"https:\/\/parcmarin.qc.ca\/emplois-jobs\/author\/admin\/"}]}},"lang":"fr","translations":{"fr":330,"en":434},"pll_sync_post":{},"_links":{"self":[{"href":"https:\/\/parcmarin.qc.ca\/emplois-jobs\/wp-json\/wp\/v2\/posts\/330","targetHints":{"allow":["GET"]}}],"collection":[{"href":"https:\/\/parcmarin.qc.ca\/emplois-jobs\/wp-json\/wp\/v2\/posts"}],"about":[{"href":"https:\/\/parcmarin.qc.ca\/emplois-jobs\/wp-json\/wp\/v2\/types\/post"}],"author":[{"embeddable":true,"href":"https:\/\/parcmarin.qc.ca\/emplois-jobs\/wp-json\/wp\/v2\/users\/1"}],"replies":[{"embeddable":true,"href":"https:\/\/parcmarin.qc.ca\/emplois-jobs\/wp-json\/wp\/v2\/comments?post=330"}],"version-history":[{"count":19,"href":"https:\/\/parcmarin.qc.ca\/emplois-jobs\/wp-json\/wp\/v2\/posts\/330\/revisions"}],"predecessor-version":[{"id":1047,"href":"https:\/\/parcmarin.qc.ca\/emplois-jobs\/wp-json\/wp\/v2\/posts\/330\/revisions\/1047"}],"wp:featuredmedia":[{"embeddable":true,"href":"https:\/\/parcmarin.qc.ca\/emplois-jobs\/wp-json\/wp\/v2\/media\/1013"}],"wp:attachment":[{"href":"https:\/\/parcmarin.qc.ca\/emplois-jobs\/wp-json\/wp\/v2\/media?parent=330"}],"wp:term":[{"taxonomy":"category","embeddable":true,"href":"https:\/\/parcmarin.qc.ca\/emplois-jobs\/wp-json\/wp\/v2\/categories?post=330"},{"taxonomy":"post_tag","embeddable":true,"href":"https:\/\/parcmarin.qc.ca\/emplois-jobs\/wp-json\/wp\/v2\/tags?post=330"}],"curies":[{"name":"wp","href":"https:\/\/api.w.org\/{rel}","templated":true}]}}